{"id":1407,"date":"2018-05-15T12:37:17","date_gmt":"2018-05-15T12:37:17","guid":{"rendered":"http:\/\/www.arquitecturaygastronomia.com\/?p=1407"},"modified":"2020-09-08T08:36:47","modified_gmt":"2020-09-08T08:36:47","slug":"como-aprender-a-crear-espacios-de-alta-cocina-el-diario-vasco","status":"publish","type":"post","link":"https:\/\/www.arquitecturaygastronomia.com\/eu\/2018\/05\/15\/como-aprender-a-crear-espacios-de-alta-cocina-el-diario-vasco\/","title":{"rendered":"C\u00f3mo aprender a crear espacios de alta cocina. El Diario Vasco"},"content":{"rendered":"<p>La UPV lanza un posgrado dirigido a profesionales con experiencia o reci\u00e9n graduados en el sector del dise\u00f1o, la ingenier\u00eda o el interiorismo.<\/p>\n<p><a href=\"http:\/\/www.diariovasco.com\/sociedad\/educacion\/crea-titulo-diseno-20180514184941-nt.html\" target=\"_blank\" rel=\"noopener noreferrer\">El Diario Vasco, lunes 14 de mayo de 2018<\/a><\/p>\n","protected":false},"excerpt":{"rendered":"<p>La UPV lanza un posgrado dirigido a profesionales con experiencia o reci\u00e9n graduados en el sector del dise\u00f1o, la ingenier\u00eda [&hellip;]<\/p>\n","protected":false},"author":1,"featured_media":1409,"comment_status":"closed","ping_status":"closed","sticky":false,"template":"","format":"standard","meta":[],"categories":[1],"tags":[],"_links":{"self":[{"href":"https:\/\/www.arquitecturaygastronomia.com\/eu\/wp-json\/wp\/v2\/posts\/1407"}],"collection":[{"href":"https:\/\/www.arquitecturaygastronomia.com\/eu\/wp-json\/wp\/v2\/posts"}],"about":[{"href":"https:\/\/www.arquitecturaygastronomia.com\/eu\/wp-json\/wp\/v2\/types\/post"}],"author":[{"embeddable":true,"href":"https:\/\/www.arquitecturaygastronomia.com\/eu\/wp-json\/wp\/v2\/users\/1"}],"replies":[{"embeddable":true,"href":"https:\/\/www.arquitecturaygastronomia.com\/eu\/wp-json\/wp\/v2\/comments?post=1407"}],"version-history":[{"count":3,"href":"https:\/\/www.arquitecturaygastronomia.com\/eu\/wp-json\/wp\/v2\/posts\/1407\/revisions"}],"predecessor-version":[{"id":2755,"href":"https:\/\/www.arquitecturaygastronomia.com\/eu\/wp-json\/wp\/v2\/posts\/1407\/revisions\/2755"}],"wp:featuredmedia":[{"embeddable":true,"href":"https:\/\/www.arquitecturaygastronomia.com\/eu\/wp-json\/wp\/v2\/media\/1409"}],"wp:attachment":[{"href":"https:\/\/www.arquitecturaygastronomia.com\/eu\/wp-json\/wp\/v2\/media?parent=1407"}],"wp:term":[{"taxonomy":"category","embeddable":true,"href":"https:\/\/www.arquitecturaygastronomia.com\/eu\/wp-json\/wp\/v2\/categories?post=1407"},{"taxonomy":"post_tag","embeddable":true,"href":"https:\/\/www.arquitecturaygastronomia.com\/eu\/wp-json\/wp\/v2\/tags?post=1407"}],"curies":[{"name":"wp","href":"https:\/\/api.w.org\/{rel}","templated":true}]}}